{"id":50892,"date":"2024-11-25T14:55:58","date_gmt":"2024-11-25T13:55:58","guid":{"rendered":"https:\/\/crematoriumheerlen.nl\/unkategorisiert\/abendliche-zeremonie\/"},"modified":"2025-01-07T16:17:11","modified_gmt":"2025-01-07T15:17:11","slug":"abendliche-zeremonie","status":"publish","type":"post","link":"https:\/\/crematoriumheerlen.nl\/de\/unkategorisiert\/abendliche-zeremonie\/","title":{"rendered":"Abendliche Zeremonie"},"content":{"rendered":"<p>I<strong>ntime Atmosph\u00e4re<\/strong> Mit dem warmen Schein von Fackeln, Laternen und Kerzen schaffen wir eine besondere und intime Atmosph\u00e4re. W\u00e4hrend der Zeremonie gibt es viel Platz f\u00fcr Redner, unterst\u00fctzt durch (Live-)Musik, Fotos oder Videos.<br \/>\n<strong><br \/>\n<\/strong>Die abendliche Zeremonie ist ein speziell zusammengestelltes Paket und kann genau nach Ihren W\u00fcnschen gestaltet werden. Auch das Catering-Arrangement nach der Zeremonie, einschlie\u00dflich eines Glases &#8220;Sekt&#8221; zum Ansto\u00dfen auf das Leben, kann ganz individuell gestaltet werden. <\/p>\n<p><strong>M\u00f6chten Sie mehr erfahren?<br \/>\n<\/strong>Klicken Sie hier f\u00fcr weitere Informationen. Nat\u00fcrlich k\u00f6nnen Sie uns auch jederzeit <a href=\"http:\/\/crematoriumheerlen.nl\/advies-en-zorg\/\" target=\"_blank\" rel=\"noopener\">kontaktieren<\/a>. Wir sind gerne f\u00fcr Sie da.  <\/p>\n","protected":false},"excerpt":{"rendered":"","protected":false},"author":6,"featured_media":49945,"comment_status":"closed","ping_status":"closed","sticky":false,"template":"","format":"standard","meta":{"_acf_changed":false,"footnotes":""},"categories":[27],"tags":[],"class_list":["post-50892","post","type-post","status-publish","format-standard","has-post-thumbnail","hentry","category-unkategorisiert"],"acf":[],"yoast_head":"<!-- This site is optimized with the Yoast SEO plugin v27.4 - https:\/\/yoast.com\/product\/yoast-seo-wordpress\/ -->\n<title>Abendliche Zeremonie &#060; Crematorium Heerlen<\/title>\n<meta name=\"robots\" content=\"index, follow, max-snippet:-1, max-image-preview:large, max-video-preview:-1\" \/>\n<link rel=\"canonical\" href=\"https:\/\/crematoriumheerlen.nl\/de\/unkategorisiert\/abendliche-zeremonie\/\" \/>\n<meta property=\"og:locale\" content=\"de_DE\" \/>\n<meta property=\"og:type\" content=\"article\" \/>\n<meta property=\"og:title\" content=\"Abendliche Zeremonie &#060; Crematorium Heerlen\" \/>\n<meta property=\"og:url\" content=\"https:\/\/crematoriumheerlen.nl\/de\/unkategorisiert\/abendliche-zeremonie\/\" \/>\n<meta property=\"og:site_name\" content=\"Crematorium Heerlen\" \/>\n<meta property=\"article:published_time\" content=\"2024-11-25T13:55:58+00:00\" \/>\n<meta property=\"article:modified_time\" content=\"2025-01-07T15:17:11+00:00\" \/>\n<meta property=\"og:image\" content=\"https:\/\/crematoriumheerlen.nl\/wp-content\/uploads\/2024\/11\/Westerve3ld-Avonddienst2440-1.jpg\" \/>\n\t<meta property=\"og:image:width\" content=\"1600\" \/>\n\t<meta property=\"og:image:height\" content=\"790\" \/>\n\t<meta property=\"og:image:type\" content=\"image\/jpeg\" \/>\n<meta name=\"author\" content=\"Margo Groeneboom\" \/>\n<meta name=\"twitter:card\" content=\"summary_large_image\" \/>\n<meta name=\"twitter:label1\" content=\"Verfasst von\" \/>\n\t<meta name=\"twitter:data1\" content=\"Margo Groeneboom\" \/>\n\t<meta name=\"twitter:label2\" content=\"Gesch\u00e4tzte Lesezeit\" \/>\n\t<meta name=\"twitter:data2\" content=\"1\u00a0Minute\" \/>\n<script type=\"application\/ld+json\" class=\"yoast-schema-graph\">{\"@context\":\"https:\\\/\\\/schema.org\",\"@graph\":[{\"@type\":\"Article\",\"@id\":\"https:\\\/\\\/crematoriumheerlen.nl\\\/de\\\/unkategorisiert\\\/abendliche-zeremonie\\\/#article\",\"isPartOf\":{\"@id\":\"https:\\\/\\\/crematoriumheerlen.nl\\\/de\\\/unkategorisiert\\\/abendliche-zeremonie\\\/\"},\"author\":{\"name\":\"Margo Groeneboom\",\"@id\":\"https:\\\/\\\/crematoriumheerlen.nl\\\/de\\\/#\\\/schema\\\/person\\\/81642a5727e52c01a21461fbdefb94be\"},\"headline\":\"Abendliche Zeremonie\",\"datePublished\":\"2024-11-25T13:55:58+00:00\",\"dateModified\":\"2025-01-07T15:17:11+00:00\",\"mainEntityOfPage\":{\"@id\":\"https:\\\/\\\/crematoriumheerlen.nl\\\/de\\\/unkategorisiert\\\/abendliche-zeremonie\\\/\"},\"wordCount\":108,\"publisher\":{\"@id\":\"https:\\\/\\\/crematoriumheerlen.nl\\\/de\\\/#organization\"},\"image\":{\"@id\":\"https:\\\/\\\/crematoriumheerlen.nl\\\/de\\\/unkategorisiert\\\/abendliche-zeremonie\\\/#primaryimage\"},\"thumbnailUrl\":\"https:\\\/\\\/crematoriumheerlen.nl\\\/wp-content\\\/uploads\\\/2024\\\/11\\\/Westerve3ld-Avonddienst2440-1.jpg\",\"articleSection\":[\"Unkategorisiert\"],\"inLanguage\":\"de\"},{\"@type\":\"WebPage\",\"@id\":\"https:\\\/\\\/crematoriumheerlen.nl\\\/de\\\/unkategorisiert\\\/abendliche-zeremonie\\\/\",\"url\":\"https:\\\/\\\/crematoriumheerlen.nl\\\/de\\\/unkategorisiert\\\/abendliche-zeremonie\\\/\",\"name\":\"Abendliche Zeremonie &#060; Crematorium Heerlen\",\"isPartOf\":{\"@id\":\"https:\\\/\\\/crematoriumheerlen.nl\\\/de\\\/#website\"},\"primaryImageOfPage\":{\"@id\":\"https:\\\/\\\/crematoriumheerlen.nl\\\/de\\\/unkategorisiert\\\/abendliche-zeremonie\\\/#primaryimage\"},\"image\":{\"@id\":\"https:\\\/\\\/crematoriumheerlen.nl\\\/de\\\/unkategorisiert\\\/abendliche-zeremonie\\\/#primaryimage\"},\"thumbnailUrl\":\"https:\\\/\\\/crematoriumheerlen.nl\\\/wp-content\\\/uploads\\\/2024\\\/11\\\/Westerve3ld-Avonddienst2440-1.jpg\",\"datePublished\":\"2024-11-25T13:55:58+00:00\",\"dateModified\":\"2025-01-07T15:17:11+00:00\",\"breadcrumb\":{\"@id\":\"https:\\\/\\\/crematoriumheerlen.nl\\\/de\\\/unkategorisiert\\\/abendliche-zeremonie\\\/#breadcrumb\"},\"inLanguage\":\"de\",\"potentialAction\":[{\"@type\":\"ReadAction\",\"target\":[\"https:\\\/\\\/crematoriumheerlen.nl\\\/de\\\/unkategorisiert\\\/abendliche-zeremonie\\\/\"]}]},{\"@type\":\"ImageObject\",\"inLanguage\":\"de\",\"@id\":\"https:\\\/\\\/crematoriumheerlen.nl\\\/de\\\/unkategorisiert\\\/abendliche-zeremonie\\\/#primaryimage\",\"url\":\"https:\\\/\\\/crematoriumheerlen.nl\\\/wp-content\\\/uploads\\\/2024\\\/11\\\/Westerve3ld-Avonddienst2440-1.jpg\",\"contentUrl\":\"https:\\\/\\\/crematoriumheerlen.nl\\\/wp-content\\\/uploads\\\/2024\\\/11\\\/Westerve3ld-Avonddienst2440-1.jpg\",\"width\":1600,\"height\":790},{\"@type\":\"BreadcrumbList\",\"@id\":\"https:\\\/\\\/crematoriumheerlen.nl\\\/de\\\/unkategorisiert\\\/abendliche-zeremonie\\\/#breadcrumb\",\"itemListElement\":[{\"@type\":\"ListItem\",\"position\":1,\"name\":\"Sie sind hier: Home\",\"item\":\"https:\\\/\\\/crematoriumheerlen.nl\\\/de\\\/\"},{\"@type\":\"ListItem\",\"position\":2,\"name\":\"Abendliche Zeremonie\"}]},{\"@type\":\"WebSite\",\"@id\":\"https:\\\/\\\/crematoriumheerlen.nl\\\/de\\\/#website\",\"url\":\"https:\\\/\\\/crematoriumheerlen.nl\\\/de\\\/\",\"name\":\"Crematorium Heerlen\",\"description\":\"\",\"publisher\":{\"@id\":\"https:\\\/\\\/crematoriumheerlen.nl\\\/de\\\/#organization\"},\"potentialAction\":[{\"@type\":\"SearchAction\",\"target\":{\"@type\":\"EntryPoint\",\"urlTemplate\":\"https:\\\/\\\/crematoriumheerlen.nl\\\/de\\\/?s={search_term_string}\"},\"query-input\":{\"@type\":\"PropertyValueSpecification\",\"valueRequired\":true,\"valueName\":\"search_term_string\"}}],\"inLanguage\":\"de\"},{\"@type\":\"Organization\",\"@id\":\"https:\\\/\\\/crematoriumheerlen.nl\\\/de\\\/#organization\",\"name\":\"Crematorium Heerlen\",\"url\":\"https:\\\/\\\/crematoriumheerlen.nl\\\/de\\\/\",\"logo\":{\"@type\":\"ImageObject\",\"inLanguage\":\"de\",\"@id\":\"https:\\\/\\\/crematoriumheerlen.nl\\\/de\\\/#\\\/schema\\\/logo\\\/image\\\/\",\"url\":\"\",\"contentUrl\":\"\",\"caption\":\"Crematorium Heerlen\"},\"image\":{\"@id\":\"https:\\\/\\\/crematoriumheerlen.nl\\\/de\\\/#\\\/schema\\\/logo\\\/image\\\/\"}},{\"@type\":\"Person\",\"@id\":\"https:\\\/\\\/crematoriumheerlen.nl\\\/de\\\/#\\\/schema\\\/person\\\/81642a5727e52c01a21461fbdefb94be\",\"name\":\"Margo Groeneboom\",\"image\":{\"@type\":\"ImageObject\",\"inLanguage\":\"de\",\"@id\":\"https:\\\/\\\/secure.gravatar.com\\\/avatar\\\/df78a5ba0f40058307c16af1dbb83aeccf04d6208ef5c3967c215dd7d78c4a2e?s=96&d=mm&r=g\",\"url\":\"https:\\\/\\\/secure.gravatar.com\\\/avatar\\\/df78a5ba0f40058307c16af1dbb83aeccf04d6208ef5c3967c215dd7d78c4a2e?s=96&d=mm&r=g\",\"contentUrl\":\"https:\\\/\\\/secure.gravatar.com\\\/avatar\\\/df78a5ba0f40058307c16af1dbb83aeccf04d6208ef5c3967c215dd7d78c4a2e?s=96&d=mm&r=g\",\"caption\":\"Margo Groeneboom\"}}]}<\/script>\n<!-- \/ Yoast SEO plugin. -->","yoast_head_json":{"title":"Abendliche Zeremonie &#060; Crematorium Heerlen","robots":{"index":"index","follow":"follow","max-snippet":"max-snippet:-1","max-image-preview":"max-image-preview:large","max-video-preview":"max-video-preview:-1"},"canonical":"https:\/\/crematoriumheerlen.nl\/de\/unkategorisiert\/abendliche-zeremonie\/","og_locale":"de_DE","og_type":"article","og_title":"Abendliche Zeremonie &#060; Crematorium Heerlen","og_url":"https:\/\/crematoriumheerlen.nl\/de\/unkategorisiert\/abendliche-zeremonie\/","og_site_name":"Crematorium Heerlen","article_published_time":"2024-11-25T13:55:58+00:00","article_modified_time":"2025-01-07T15:17:11+00:00","og_image":[{"width":1600,"height":790,"url":"https:\/\/crematoriumheerlen.nl\/wp-content\/uploads\/2024\/11\/Westerve3ld-Avonddienst2440-1.jpg","type":"image\/jpeg"}],"author":"Margo Groeneboom","twitter_card":"summary_large_image","twitter_misc":{"Verfasst von":"Margo Groeneboom","Gesch\u00e4tzte Lesezeit":"1\u00a0Minute"},"schema":{"@context":"https:\/\/schema.org","@graph":[{"@type":"Article","@id":"https:\/\/crematoriumheerlen.nl\/de\/unkategorisiert\/abendliche-zeremonie\/#article","isPartOf":{"@id":"https:\/\/crematoriumheerlen.nl\/de\/unkategorisiert\/abendliche-zeremonie\/"},"author":{"name":"Margo Groeneboom","@id":"https:\/\/crematoriumheerlen.nl\/de\/#\/schema\/person\/81642a5727e52c01a21461fbdefb94be"},"headline":"Abendliche Zeremonie","datePublished":"2024-11-25T13:55:58+00:00","dateModified":"2025-01-07T15:17:11+00:00","mainEntityOfPage":{"@id":"https:\/\/crematoriumheerlen.nl\/de\/unkategorisiert\/abendliche-zeremonie\/"},"wordCount":108,"publisher":{"@id":"https:\/\/crematoriumheerlen.nl\/de\/#organization"},"image":{"@id":"https:\/\/crematoriumheerlen.nl\/de\/unkategorisiert\/abendliche-zeremonie\/#primaryimage"},"thumbnailUrl":"https:\/\/crematoriumheerlen.nl\/wp-content\/uploads\/2024\/11\/Westerve3ld-Avonddienst2440-1.jpg","articleSection":["Unkategorisiert"],"inLanguage":"de"},{"@type":"WebPage","@id":"https:\/\/crematoriumheerlen.nl\/de\/unkategorisiert\/abendliche-zeremonie\/","url":"https:\/\/crematoriumheerlen.nl\/de\/unkategorisiert\/abendliche-zeremonie\/","name":"Abendliche Zeremonie &#060; Crematorium Heerlen","isPartOf":{"@id":"https:\/\/crematoriumheerlen.nl\/de\/#website"},"primaryImageOfPage":{"@id":"https:\/\/crematoriumheerlen.nl\/de\/unkategorisiert\/abendliche-zeremonie\/#primaryimage"},"image":{"@id":"https:\/\/crematoriumheerlen.nl\/de\/unkategorisiert\/abendliche-zeremonie\/#primaryimage"},"thumbnailUrl":"https:\/\/crematoriumheerlen.nl\/wp-content\/uploads\/2024\/11\/Westerve3ld-Avonddienst2440-1.jpg","datePublished":"2024-11-25T13:55:58+00:00","dateModified":"2025-01-07T15:17:11+00:00","breadcrumb":{"@id":"https:\/\/crematoriumheerlen.nl\/de\/unkategorisiert\/abendliche-zeremonie\/#breadcrumb"},"inLanguage":"de","potentialAction":[{"@type":"ReadAction","target":["https:\/\/crematoriumheerlen.nl\/de\/unkategorisiert\/abendliche-zeremonie\/"]}]},{"@type":"ImageObject","inLanguage":"de","@id":"https:\/\/crematoriumheerlen.nl\/de\/unkategorisiert\/abendliche-zeremonie\/#primaryimage","url":"https:\/\/crematoriumheerlen.nl\/wp-content\/uploads\/2024\/11\/Westerve3ld-Avonddienst2440-1.jpg","contentUrl":"https:\/\/crematoriumheerlen.nl\/wp-content\/uploads\/2024\/11\/Westerve3ld-Avonddienst2440-1.jpg","width":1600,"height":790},{"@type":"BreadcrumbList","@id":"https:\/\/crematoriumheerlen.nl\/de\/unkategorisiert\/abendliche-zeremonie\/#breadcrumb","itemListElement":[{"@type":"ListItem","position":1,"name":"Sie sind hier: Home","item":"https:\/\/crematoriumheerlen.nl\/de\/"},{"@type":"ListItem","position":2,"name":"Abendliche Zeremonie"}]},{"@type":"WebSite","@id":"https:\/\/crematoriumheerlen.nl\/de\/#website","url":"https:\/\/crematoriumheerlen.nl\/de\/","name":"Crematorium Heerlen","description":"","publisher":{"@id":"https:\/\/crematoriumheerlen.nl\/de\/#organization"},"potentialAction":[{"@type":"SearchAction","target":{"@type":"EntryPoint","urlTemplate":"https:\/\/crematoriumheerlen.nl\/de\/?s={search_term_string}"},"query-input":{"@type":"PropertyValueSpecification","valueRequired":true,"valueName":"search_term_string"}}],"inLanguage":"de"},{"@type":"Organization","@id":"https:\/\/crematoriumheerlen.nl\/de\/#organization","name":"Crematorium Heerlen","url":"https:\/\/crematoriumheerlen.nl\/de\/","logo":{"@type":"ImageObject","inLanguage":"de","@id":"https:\/\/crematoriumheerlen.nl\/de\/#\/schema\/logo\/image\/","url":"","contentUrl":"","caption":"Crematorium Heerlen"},"image":{"@id":"https:\/\/crematoriumheerlen.nl\/de\/#\/schema\/logo\/image\/"}},{"@type":"Person","@id":"https:\/\/crematoriumheerlen.nl\/de\/#\/schema\/person\/81642a5727e52c01a21461fbdefb94be","name":"Margo Groeneboom","image":{"@type":"ImageObject","inLanguage":"de","@id":"https:\/\/secure.gravatar.com\/avatar\/df78a5ba0f40058307c16af1dbb83aeccf04d6208ef5c3967c215dd7d78c4a2e?s=96&d=mm&r=g","url":"https:\/\/secure.gravatar.com\/avatar\/df78a5ba0f40058307c16af1dbb83aeccf04d6208ef5c3967c215dd7d78c4a2e?s=96&d=mm&r=g","contentUrl":"https:\/\/secure.gravatar.com\/avatar\/df78a5ba0f40058307c16af1dbb83aeccf04d6208ef5c3967c215dd7d78c4a2e?s=96&d=mm&r=g","caption":"Margo Groeneboom"}}]}},"_links":{"self":[{"href":"https:\/\/crematoriumheerlen.nl\/de\/wp-json\/wp\/v2\/posts\/50892","targetHints":{"allow":["GET"]}}],"collection":[{"href":"https:\/\/crematoriumheerlen.nl\/de\/wp-json\/wp\/v2\/posts"}],"about":[{"href":"https:\/\/crematoriumheerlen.nl\/de\/wp-json\/wp\/v2\/types\/post"}],"author":[{"embeddable":true,"href":"https:\/\/crematoriumheerlen.nl\/de\/wp-json\/wp\/v2\/users\/6"}],"replies":[{"embeddable":true,"href":"https:\/\/crematoriumheerlen.nl\/de\/wp-json\/wp\/v2\/comments?post=50892"}],"version-history":[{"count":1,"href":"https:\/\/crematoriumheerlen.nl\/de\/wp-json\/wp\/v2\/posts\/50892\/revisions"}],"predecessor-version":[{"id":50985,"href":"https:\/\/crematoriumheerlen.nl\/de\/wp-json\/wp\/v2\/posts\/50892\/revisions\/50985"}],"wp:featuredmedia":[{"embeddable":true,"href":"https:\/\/crematoriumheerlen.nl\/de\/wp-json\/wp\/v2\/media\/49945"}],"wp:attachment":[{"href":"https:\/\/crematoriumheerlen.nl\/de\/wp-json\/wp\/v2\/media?parent=50892"}],"wp:term":[{"taxonomy":"category","embeddable":true,"href":"https:\/\/crematoriumheerlen.nl\/de\/wp-json\/wp\/v2\/categories?post=50892"},{"taxonomy":"post_tag","embeddable":true,"href":"https:\/\/crematoriumheerlen.nl\/de\/wp-json\/wp\/v2\/tags?post=50892"}],"curies":[{"name":"wp","href":"https:\/\/api.w.org\/{rel}","templated":true}]}}